{"id":24442,"date":"2025-03-28T12:25:55","date_gmt":"2025-03-28T11:25:55","guid":{"rendered":"https:\/\/stc.cz\/?p=24442"},"modified":"2025-03-28T12:29:31","modified_gmt":"2025-03-28T11:29:31","slug":"stc-became-a-member-of-the-platform-for-ai-in-public-administration","status":"publish","type":"post","link":"https:\/\/stc.cz\/en\/stc-became-a-member-of-the-platform-for-ai-in-public-administration\/","title":{"rendered":"STC became a&nbsp;member of the Platform for AI"},"content":{"rendered":"<p>This week we joined the Platform for AI in Public Administration affiliated with the Czech Association of Artificial Intelligence. This move reflects the growing emphasis on AI within our company strategy and our aim to direct and develop this key area within digital projects.<br \/>\nThe Czech AI Association is a&nbsp;platform bringing together experts, companies and research institutions working on artificial intelligence.<\/p>\n<p>Membership brings several benefits:<br \/>\n&#8211; <strong>Sharing knowledge and experience:<\/strong> the STC will have access to the latest knowledge and trends in AI, allowing it to respond more quickly and effectively to technological changes.<br \/>\n&#8211; <strong>Networking:<\/strong> Opportunity to network with other leading players in AI, which can lead to new projects and innovations.<br \/>\n&#8211; <strong>Development support:<\/strong> the Association provides training and human resource development support, which is key to staying competitive in a&nbsp;rapidly changing technology environment.<\/p>\n<p>STC plans to use the membership to strengthen its activities. Its main objectives include:<br \/>\n&#8211; <strong>Product and service innovation:<\/strong> integrating AI into existing products and digital services to improve their efficiency and user experience.<br \/>\n&#8211; <strong>Improving internal processes:<\/strong> Using AI to optimize internal processes and streamline company operations.<br \/>\n&#8211; <strong>Sustainable development:<\/strong> Supporting projects that use AI to address environmental and societal challenges.<\/p>\n<p>Joining the Czech AI Association is a&nbsp;strategic step for STC that will strengthen its position in the market.<\/p>\n<p>With this move, STC is also demonstrating its commitment to technological advancement and innovation that brings positive change for its customers and wider society.<\/p>\n","protected":false},"excerpt":{"rendered":"<p>This week we joined the Platform for AI in Public Administration affiliated with the Czech Association of Artificial Intelligence.<\/p>\n","protected":false},"author":14,"featured_media":24437,"comment_status":"closed","ping_status":"open","sticky":false,"template":"","format":"standard","meta":{"footnotes":""},"categories":[376],"tags":[],"class_list":["post-24442","post","type-post","status-publish","format-standard","has-post-thumbnail","hentry","category-novinky-en"],"yoast_head":"<!-- This site is optimized with the Yoast SEO plugin v24.4 - https:\/\/yoast.com\/wordpress\/plugins\/seo\/ -->\n<title>- St\u00e1tn\u00ed tisk\u00e1rna cenin<\/title>\n<meta name=\"robots\" content=\"index, follow, max-snippet:-1, max-image-preview:large, max-video-preview:-1\" \/>\n<link rel=\"canonical\" href=\"https:\/\/stc.cz\/en\/stc-became-a-member-of-the-platform-for-ai-in-public-administration\/\" \/>\n<meta property=\"og:locale\" content=\"en_US\" \/>\n<meta property=\"og:type\" content=\"article\" \/>\n<meta property=\"og:title\" content=\"- St\u00e1tn\u00ed tisk\u00e1rna cenin\" \/>\n<meta property=\"og:description\" content=\"This week we joined the Platform for AI in Public Administration affiliated with the Czech Association of Artificial Intelligence.\" \/>\n<meta property=\"og:url\" content=\"https:\/\/stc.cz\/en\/stc-became-a-member-of-the-platform-for-ai-in-public-administration\/\" \/>\n<meta property=\"og:site_name\" content=\"St\u00e1tn\u00ed tisk\u00e1rna cenin\" \/>\n<meta property=\"article:published_time\" content=\"2025-03-28T11:25:55+00:00\" \/>\n<meta property=\"article:modified_time\" content=\"2025-03-28T11:29:31+00:00\" \/>\n<meta property=\"og:image\" content=\"https:\/\/stc.cz\/wp-content\/uploads\/2025\/03\/umela-inteligence.jpg\" \/>\n\t<meta property=\"og:image:width\" content=\"1120\" \/>\n\t<meta property=\"og:image:height\" content=\"1120\" \/>\n\t<meta property=\"og:image:type\" content=\"image\/jpeg\" \/>\n<meta name=\"author\" content=\"U\u017eivatel 2\" \/>\n<meta name=\"twitter:card\" content=\"summary_large_image\" \/>\n<meta name=\"twitter:label1\" content=\"Written by\" \/>\n\t<meta name=\"twitter:data1\" content=\"U\u017eivatel 2\" \/>\n\t<meta name=\"twitter:label2\" content=\"Est. reading time\" \/>\n\t<meta name=\"twitter:data2\" content=\"2 minutes\" \/>\n<script type=\"application\/ld+json\" class=\"yoast-schema-graph\">{\"@context\":\"https:\/\/schema.org\",\"@graph\":[{\"@type\":\"Article\",\"@id\":\"https:\/\/stc.cz\/en\/stc-became-a-member-of-the-platform-for-ai-in-public-administration\/#article\",\"isPartOf\":{\"@id\":\"https:\/\/stc.cz\/en\/stc-became-a-member-of-the-platform-for-ai-in-public-administration\/\"},\"author\":{\"name\":\"U\u017eivatel 2\",\"@id\":\"https:\/\/stc.cz\/#\/schema\/person\/72b35f74977ea564a0e84b84ec0a1267\"},\"headline\":\"STC became a&nbsp;member of the Platform for AI\",\"datePublished\":\"2025-03-28T11:25:55+00:00\",\"dateModified\":\"2025-03-28T11:29:31+00:00\",\"mainEntityOfPage\":{\"@id\":\"https:\/\/stc.cz\/en\/stc-became-a-member-of-the-platform-for-ai-in-public-administration\/\"},\"wordCount\":252,\"publisher\":{\"@id\":\"https:\/\/stc.cz\/#organization\"},\"image\":{\"@id\":\"https:\/\/stc.cz\/en\/stc-became-a-member-of-the-platform-for-ai-in-public-administration\/#primaryimage\"},\"thumbnailUrl\":\"https:\/\/stc.cz\/wp-content\/uploads\/2025\/03\/umela-inteligence.jpg\",\"articleSection\":[\"Novinky\"],\"inLanguage\":\"en-US\"},{\"@type\":\"WebPage\",\"@id\":\"https:\/\/stc.cz\/en\/stc-became-a-member-of-the-platform-for-ai-in-public-administration\/\",\"url\":\"https:\/\/stc.cz\/en\/stc-became-a-member-of-the-platform-for-ai-in-public-administration\/\",\"name\":\"- St\u00e1tn\u00ed tisk\u00e1rna cenin\",\"isPartOf\":{\"@id\":\"https:\/\/stc.cz\/#website\"},\"primaryImageOfPage\":{\"@id\":\"https:\/\/stc.cz\/en\/stc-became-a-member-of-the-platform-for-ai-in-public-administration\/#primaryimage\"},\"image\":{\"@id\":\"https:\/\/stc.cz\/en\/stc-became-a-member-of-the-platform-for-ai-in-public-administration\/#primaryimage\"},\"thumbnailUrl\":\"https:\/\/stc.cz\/wp-content\/uploads\/2025\/03\/umela-inteligence.jpg\",\"datePublished\":\"2025-03-28T11:25:55+00:00\",\"dateModified\":\"2025-03-28T11:29:31+00:00\",\"inLanguage\":\"en-US\",\"potentialAction\":[{\"@type\":\"ReadAction\",\"target\":[\"https:\/\/stc.cz\/en\/stc-became-a-member-of-the-platform-for-ai-in-public-administration\/\"]}]},{\"@type\":\"ImageObject\",\"inLanguage\":\"en-US\",\"@id\":\"https:\/\/stc.cz\/en\/stc-became-a-member-of-the-platform-for-ai-in-public-administration\/#primaryimage\",\"url\":\"https:\/\/stc.cz\/wp-content\/uploads\/2025\/03\/umela-inteligence.jpg\",\"contentUrl\":\"https:\/\/stc.cz\/wp-content\/uploads\/2025\/03\/umela-inteligence.jpg\",\"width\":1120,\"height\":1120},{\"@type\":\"WebSite\",\"@id\":\"https:\/\/stc.cz\/#website\",\"url\":\"https:\/\/stc.cz\/\",\"name\":\"St\u00e1tn\u00ed tisk\u00e1rna cenin\",\"description\":\"\",\"publisher\":{\"@id\":\"https:\/\/stc.cz\/#organization\"},\"alternateName\":\"V\u00edce ne\u017e 95 let nab\u00edz\u00edme sv\u00fdm z\u00e1kazn\u00edk\u016fm v\u00fdrobu polygrafick\u00fdch produkt\u016f s ceninov\u00fdmi ochrann\u00fdmi prvky v provozu vybaven\u00e9m nejmodern\u011bj\u0161\u00edmi technologiemi a bezpe\u010dnostn\u00edmi syst\u00e9my.\",\"potentialAction\":[{\"@type\":\"SearchAction\",\"target\":{\"@type\":\"EntryPoint\",\"urlTemplate\":\"https:\/\/stc.cz\/?s={search_term_string}\"},\"query-input\":{\"@type\":\"PropertyValueSpecification\",\"valueRequired\":true,\"valueName\":\"search_term_string\"}}],\"inLanguage\":\"en-US\"},{\"@type\":\"Organization\",\"@id\":\"https:\/\/stc.cz\/#organization\",\"name\":\"St\u00e1tn\u00ed tisk\u00e1rna cenin\",\"url\":\"https:\/\/stc.cz\/\",\"logo\":{\"@type\":\"ImageObject\",\"inLanguage\":\"en-US\",\"@id\":\"https:\/\/stc.cz\/#\/schema\/logo\/image\/\",\"url\":\"https:\/\/stc.cz\/wp-content\/uploads\/2023\/03\/NOVE_LOGO_STC.jpg\",\"contentUrl\":\"https:\/\/stc.cz\/wp-content\/uploads\/2023\/03\/NOVE_LOGO_STC.jpg\",\"width\":1280,\"height\":720,\"caption\":\"St\u00e1tn\u00ed tisk\u00e1rna cenin\"},\"image\":{\"@id\":\"https:\/\/stc.cz\/#\/schema\/logo\/image\/\"}},{\"@type\":\"Person\",\"@id\":\"https:\/\/stc.cz\/#\/schema\/person\/72b35f74977ea564a0e84b84ec0a1267\",\"name\":\"U\u017eivatel 2\",\"image\":{\"@type\":\"ImageObject\",\"inLanguage\":\"en-US\",\"@id\":\"https:\/\/stc.cz\/#\/schema\/person\/image\/\",\"url\":\"https:\/\/secure.gravatar.com\/avatar\/10f7b532dcb7a25e95b9cb5be3413bfc?s=96&d=mm&r=g\",\"contentUrl\":\"https:\/\/secure.gravatar.com\/avatar\/10f7b532dcb7a25e95b9cb5be3413bfc?s=96&d=mm&r=g\",\"caption\":\"U\u017eivatel 2\"},\"url\":\"https:\/\/stc.cz\/en\/author\/uzivatel2\/\"}]}<\/script>\n<!-- \/ Yoast SEO plugin. -->","yoast_head_json":{"title":"- St\u00e1tn\u00ed tisk\u00e1rna cenin","robots":{"index":"index","follow":"follow","max-snippet":"max-snippet:-1","max-image-preview":"max-image-preview:large","max-video-preview":"max-video-preview:-1"},"canonical":"https:\/\/stc.cz\/en\/stc-became-a-member-of-the-platform-for-ai-in-public-administration\/","og_locale":"en_US","og_type":"article","og_title":"- St\u00e1tn\u00ed tisk\u00e1rna cenin","og_description":"This week we joined the Platform for AI in Public Administration affiliated with the Czech Association of Artificial Intelligence.","og_url":"https:\/\/stc.cz\/en\/stc-became-a-member-of-the-platform-for-ai-in-public-administration\/","og_site_name":"St\u00e1tn\u00ed tisk\u00e1rna cenin","article_published_time":"2025-03-28T11:25:55+00:00","article_modified_time":"2025-03-28T11:29:31+00:00","og_image":[{"width":1120,"height":1120,"url":"https:\/\/stc.cz\/wp-content\/uploads\/2025\/03\/umela-inteligence.jpg","type":"image\/jpeg"}],"author":"U\u017eivatel 2","twitter_card":"summary_large_image","twitter_misc":{"Written by":"U\u017eivatel 2","Est. reading time":"2 minutes"},"schema":{"@context":"https:\/\/schema.org","@graph":[{"@type":"Article","@id":"https:\/\/stc.cz\/en\/stc-became-a-member-of-the-platform-for-ai-in-public-administration\/#article","isPartOf":{"@id":"https:\/\/stc.cz\/en\/stc-became-a-member-of-the-platform-for-ai-in-public-administration\/"},"author":{"name":"U\u017eivatel 2","@id":"https:\/\/stc.cz\/#\/schema\/person\/72b35f74977ea564a0e84b84ec0a1267"},"headline":"STC became a&nbsp;member of the Platform for AI","datePublished":"2025-03-28T11:25:55+00:00","dateModified":"2025-03-28T11:29:31+00:00","mainEntityOfPage":{"@id":"https:\/\/stc.cz\/en\/stc-became-a-member-of-the-platform-for-ai-in-public-administration\/"},"wordCount":252,"publisher":{"@id":"https:\/\/stc.cz\/#organization"},"image":{"@id":"https:\/\/stc.cz\/en\/stc-became-a-member-of-the-platform-for-ai-in-public-administration\/#primaryimage"},"thumbnailUrl":"https:\/\/stc.cz\/wp-content\/uploads\/2025\/03\/umela-inteligence.jpg","articleSection":["Novinky"],"inLanguage":"en-US"},{"@type":"WebPage","@id":"https:\/\/stc.cz\/en\/stc-became-a-member-of-the-platform-for-ai-in-public-administration\/","url":"https:\/\/stc.cz\/en\/stc-became-a-member-of-the-platform-for-ai-in-public-administration\/","name":"- St\u00e1tn\u00ed tisk\u00e1rna cenin","isPartOf":{"@id":"https:\/\/stc.cz\/#website"},"primaryImageOfPage":{"@id":"https:\/\/stc.cz\/en\/stc-became-a-member-of-the-platform-for-ai-in-public-administration\/#primaryimage"},"image":{"@id":"https:\/\/stc.cz\/en\/stc-became-a-member-of-the-platform-for-ai-in-public-administration\/#primaryimage"},"thumbnailUrl":"https:\/\/stc.cz\/wp-content\/uploads\/2025\/03\/umela-inteligence.jpg","datePublished":"2025-03-28T11:25:55+00:00","dateModified":"2025-03-28T11:29:31+00:00","inLanguage":"en-US","potentialAction":[{"@type":"ReadAction","target":["https:\/\/stc.cz\/en\/stc-became-a-member-of-the-platform-for-ai-in-public-administration\/"]}]},{"@type":"ImageObject","inLanguage":"en-US","@id":"https:\/\/stc.cz\/en\/stc-became-a-member-of-the-platform-for-ai-in-public-administration\/#primaryimage","url":"https:\/\/stc.cz\/wp-content\/uploads\/2025\/03\/umela-inteligence.jpg","contentUrl":"https:\/\/stc.cz\/wp-content\/uploads\/2025\/03\/umela-inteligence.jpg","width":1120,"height":1120},{"@type":"WebSite","@id":"https:\/\/stc.cz\/#website","url":"https:\/\/stc.cz\/","name":"St\u00e1tn\u00ed tisk\u00e1rna cenin","description":"","publisher":{"@id":"https:\/\/stc.cz\/#organization"},"alternateName":"V\u00edce ne\u017e 95 let nab\u00edz\u00edme sv\u00fdm z\u00e1kazn\u00edk\u016fm v\u00fdrobu polygrafick\u00fdch produkt\u016f s ceninov\u00fdmi ochrann\u00fdmi prvky v provozu vybaven\u00e9m nejmodern\u011bj\u0161\u00edmi technologiemi a bezpe\u010dnostn\u00edmi syst\u00e9my.","potentialAction":[{"@type":"SearchAction","target":{"@type":"EntryPoint","urlTemplate":"https:\/\/stc.cz\/?s={search_term_string}"},"query-input":{"@type":"PropertyValueSpecification","valueRequired":true,"valueName":"search_term_string"}}],"inLanguage":"en-US"},{"@type":"Organization","@id":"https:\/\/stc.cz\/#organization","name":"St\u00e1tn\u00ed tisk\u00e1rna cenin","url":"https:\/\/stc.cz\/","logo":{"@type":"ImageObject","inLanguage":"en-US","@id":"https:\/\/stc.cz\/#\/schema\/logo\/image\/","url":"https:\/\/stc.cz\/wp-content\/uploads\/2023\/03\/NOVE_LOGO_STC.jpg","contentUrl":"https:\/\/stc.cz\/wp-content\/uploads\/2023\/03\/NOVE_LOGO_STC.jpg","width":1280,"height":720,"caption":"St\u00e1tn\u00ed tisk\u00e1rna cenin"},"image":{"@id":"https:\/\/stc.cz\/#\/schema\/logo\/image\/"}},{"@type":"Person","@id":"https:\/\/stc.cz\/#\/schema\/person\/72b35f74977ea564a0e84b84ec0a1267","name":"U\u017eivatel 2","image":{"@type":"ImageObject","inLanguage":"en-US","@id":"https:\/\/stc.cz\/#\/schema\/person\/image\/","url":"https:\/\/secure.gravatar.com\/avatar\/10f7b532dcb7a25e95b9cb5be3413bfc?s=96&d=mm&r=g","contentUrl":"https:\/\/secure.gravatar.com\/avatar\/10f7b532dcb7a25e95b9cb5be3413bfc?s=96&d=mm&r=g","caption":"U\u017eivatel 2"},"url":"https:\/\/stc.cz\/en\/author\/uzivatel2\/"}]}},"_links":{"self":[{"href":"https:\/\/stc.cz\/en\/wp-json\/wp\/v2\/posts\/24442","targetHints":{"allow":["GET"]}}],"collection":[{"href":"https:\/\/stc.cz\/en\/wp-json\/wp\/v2\/posts"}],"about":[{"href":"https:\/\/stc.cz\/en\/wp-json\/wp\/v2\/types\/post"}],"author":[{"embeddable":true,"href":"https:\/\/stc.cz\/en\/wp-json\/wp\/v2\/users\/14"}],"replies":[{"embeddable":true,"href":"https:\/\/stc.cz\/en\/wp-json\/wp\/v2\/comments?post=24442"}],"version-history":[{"count":4,"href":"https:\/\/stc.cz\/en\/wp-json\/wp\/v2\/posts\/24442\/revisions"}],"predecessor-version":[{"id":24446,"href":"https:\/\/stc.cz\/en\/wp-json\/wp\/v2\/posts\/24442\/revisions\/24446"}],"wp:featuredmedia":[{"embeddable":true,"href":"https:\/\/stc.cz\/en\/wp-json\/wp\/v2\/media\/24437"}],"wp:attachment":[{"href":"https:\/\/stc.cz\/en\/wp-json\/wp\/v2\/media?parent=24442"}],"wp:term":[{"taxonomy":"category","embeddable":true,"href":"https:\/\/stc.cz\/en\/wp-json\/wp\/v2\/categories?post=24442"},{"taxonomy":"post_tag","embeddable":true,"href":"https:\/\/stc.cz\/en\/wp-json\/wp\/v2\/tags?post=24442"}],"curies":[{"name":"wp","href":"https:\/\/api.w.org\/{rel}","templated":true}]}}